{"id":7899,"date":"2023-08-21T06:55:21","date_gmt":"2023-08-21T06:55:21","guid":{"rendered":"https:\/\/www.folkecenter.net\/?p=7899"},"modified":"2023-08-21T06:55:21","modified_gmt":"2023-08-21T06:55:21","slug":"ekstraordinaer-generalforsamling-den-2-september","status":"publish","type":"post","link":"https:\/\/www.folkecenter.net\/da\/ekstraordinaer-generalforsamling-den-2-september\/","title":{"rendered":"Ekstraordin\u00e6r generalforsamling den 2. september"},"content":{"rendered":"<p>Folkecentrets St\u00f8ttekreds holder ekstraordin\u00e6r generalforsamling l\u00f8rdag den 2. september klokken 11.00. P\u00e5 dagsorden er en r\u00e6kke vedt\u00e6gts\u00e6ndringer, som blev f\u00f8rstegangsbehandlet p\u00e5 den ordin\u00e6re generalforsamling den 25. juni i \u00e5r. I f\u00f8lge vedt\u00e6gterne skal beslutninger om vedt\u00e6gts\u00e6ndringer vedtages p\u00e5 to af hinanden f\u00f8lgende generalforsamlinger, og derfor indkaldes st\u00f8ttekredsens medlemmer til denne ekstraordin\u00e6re generalforsamling. M\u00f8det finder sted i SkibstedFjord konferencecentret p\u00e5 Nordisk Folkecenter for Vedvarende Energi, Kammersg\u00e5rdsvej 16, 7700 Hurup Thy. F\u00f8lg skiltene fra P-pladsen.  <\/p>\n\n\n\n<div style=\"height:13px\" aria-hidden=\"true\" class=\"wp-block-spacer\"><\/div>\n\n\n\n<figure class=\"wp-block-image size-large\"><img decoding=\"async\" src=\"https:\/\/www.folkecenter.net\/wp-content\/uploads\/2023\/08\/3T4A1457-1024x683.jpg\" alt=\"\" class=\"wp-image-7900\"\/><\/figure>\n\n\n\n<div style=\"height:100px\" aria-hidden=\"true\" class=\"wp-block-spacer\"><\/div>","protected":false},"excerpt":{"rendered":"<p>Folkecentrets St\u00f8ttekreds holder ekstraordin\u00e6r generalforsamling l\u00f8rdag den 2. september klokken 11.00. P\u00e5 dagsorden er en r\u00e6kke vedt\u00e6gts\u00e6ndringer, som blev f\u00f8rstegangsbehandlet p\u00e5 den ordin\u00e6re generalforsamling den 25. juni i \u00e5r. I &#8230;<\/p>","protected":false},"author":1,"featured_media":0,"comment_status":"closed","ping_status":"closed","sticky":false,"template":"","format":"standard","meta":{"_uag_custom_page_level_css":"","footnotes":""},"categories":[173],"tags":[],"post_folder":[315],"class_list":["post-7899","post","type-post","status-publish","format-standard","hentry","category-short-news"],"uagb_featured_image_src":{"full":false,"thumbnail":false,"medium":false,"medium_large":false,"large":false,"1536x1536":false,"2048x2048":false,"trp-custom-language-flag":false,"mgb-medium":false,"mgb-vertical":false,"mgb-banner":false,"onepress-blog-small":false,"onepress-small":false,"onepress-medium":false},"uagb_author_info":{"display_name":"admin","author_link":"https:\/\/www.folkecenter.net\/da\/author\/admin\/"},"uagb_comment_info":0,"uagb_excerpt":"Folkecentrets St\u00f8ttekreds holder ekstraordin\u00e6r generalforsamling l\u00f8rdag den 2. september klokken 11.00. P\u00e5 dagsorden er en r\u00e6kke vedt\u00e6gts\u00e6ndringer, som blev f\u00f8rstegangsbehandlet p\u00e5 den ordin\u00e6re generalforsamling den 25. juni i \u00e5r. I ...","_links":{"self":[{"href":"https:\/\/www.folkecenter.net\/da\/wp-json\/wp\/v2\/posts\/7899","targetHints":{"allow":["GET"]}}],"collection":[{"href":"https:\/\/www.folkecenter.net\/da\/wp-json\/wp\/v2\/posts"}],"about":[{"href":"https:\/\/www.folkecenter.net\/da\/wp-json\/wp\/v2\/types\/post"}],"author":[{"embeddable":true,"href":"https:\/\/www.folkecenter.net\/da\/wp-json\/wp\/v2\/users\/1"}],"replies":[{"embeddable":true,"href":"https:\/\/www.folkecenter.net\/da\/wp-json\/wp\/v2\/comments?post=7899"}],"version-history":[{"count":0,"href":"https:\/\/www.folkecenter.net\/da\/wp-json\/wp\/v2\/posts\/7899\/revisions"}],"wp:attachment":[{"href":"https:\/\/www.folkecenter.net\/da\/wp-json\/wp\/v2\/media?parent=7899"}],"wp:term":[{"taxonomy":"category","embeddable":true,"href":"https:\/\/www.folkecenter.net\/da\/wp-json\/wp\/v2\/categories?post=7899"},{"taxonomy":"post_tag","embeddable":true,"href":"https:\/\/www.folkecenter.net\/da\/wp-json\/wp\/v2\/tags?post=7899"},{"taxonomy":"post_folder","embeddable":true,"href":"https:\/\/www.folkecenter.net\/da\/wp-json\/wp\/v2\/post_folder?post=7899"}],"curies":[{"name":"wp","href":"https:\/\/api.w.org\/{rel}","templated":true}]}}