{"id":7076,"date":"2023-02-20T09:40:25","date_gmt":"2023-02-20T09:40:25","guid":{"rendered":"https:\/\/www.folkecenter.net\/?p=7076"},"modified":"2023-02-20T09:41:41","modified_gmt":"2023-02-20T09:41:41","slug":"christiansborghoring-om-energifaellesskaber-vaer-med-online","status":"publish","type":"post","link":"https:\/\/www.folkecenter.net\/da\/christiansborghoring-om-energifaellesskaber-vaer-med-online\/","title":{"rendered":"<strong>Christiansborgh\u00f8ring om energif\u00e6llesskaber \u2013 v\u00e6r med online<\/strong>"},"content":{"rendered":"<h4 class=\"wp-block-heading\"><strong>Nordisk Folkecenter for Vedvarende Energi er medarrang\u00f8r af h\u00f8ring om energif\u00e6lleskaber, som finder sted p\u00e5 Christiansborg med Lea Wermelin (S) som v\u00e6rt onsdag den 1. marts. Du kan deltage fysisk eller online \u2013 se tilmeldingsdetaljer l\u00e6ngere nede.<\/strong><\/h4>\n\n\n\n<div style=\"height:15px\" aria-hidden=\"true\" class=\"wp-block-spacer\"><\/div>\n\n\n\n<p>Der er et stort potentiale i at involvere borgerdrevne lokale energif\u00e6llesskaber i de kommende \u00e5rtiers udbygning af vedvarende energi. Herved kan anl\u00e6g opstilles af borgerne t\u00e6t p\u00e5 forbruget af el, s\u00e5 behovet for udbygning af elnettet mindskes. Med f\u00e6lles anl\u00e6g ejet af nye lokale energif\u00e6llesskaber eller af eksisterende f\u00e6llesskaber som almene boligforeninger, andelsboligforeninger og bof\u00e6llesskaber, opn\u00e5s en effektiv drift og god samfunds\u00f8konomi.<\/p>\n\n\n\n<figure class=\"wp-block-image size-large\"><img decoding=\"async\" src=\"https:\/\/www.folkecenter.net\/wp-content\/uploads\/2023\/02\/Folketinget_eksterioer.100411_528.Fotograf_Anders-Hviid-1024x682.jpg\" alt=\"\" class=\"wp-image-7077\"\/><figcaption class=\"wp-element-caption\"><em>Christiansborg. Foto: Anders Hviid.<\/em><\/figcaption><\/figure>\n\n\n\n<div style=\"height:15px\" aria-hidden=\"true\" class=\"wp-block-spacer\"><\/div>\n\n\n\n<h3 class=\"wp-block-heading\"><strong>EU-direktiv giver muligheder<\/strong><\/h3>\n\n\n\n<p>Der er med EU\u2019s direktiver for elmarkedet og vedvarende energi opstillet befordrende rammer for lokal deling i energif\u00e6llesskaber af el mellem borgere og mindre virksomheder. Samtidig er der med den politiske \u2019Aftale om udvikling og fremme af brint og gr\u00f8nne br\u00e6ndstoffer\u2019 (PtX-aftalen fra 15. marts 2022) skabt grundlag for at fremme lokal sammenh\u00e6ng mellem elproduktion og -forbrug bl.a. med indf\u00f8relse af \u2019lokal kollektiv tarifering\u2019 rettet mod f\u00e6llesskabers deling af egenproduceret el ved brug af det kollektive elnet.&nbsp;<\/p>\n\n\n\n<div style=\"height:15px\" aria-hidden=\"true\" class=\"wp-block-spacer\"><\/div>\n\n\n\n<h3 class=\"wp-block-heading\"><strong>Danske forhindringer<\/strong><\/h3>\n\n\n\n<p>Desv\u00e6rre er der i dag stadig en r\u00e6kke lovgivningsm\u00e6ssige hindringer for den borgerdrevne VE-udbygning, som det er n\u00f8dvendigt at fjerne, s\u00e5 de ikke reelt gennem un\u00f8dige administrative og \u00f8konomiske barrierer forhindrer etablering af de borgerdrevne initiativer. Der er behov for, at de kommende \u00e6ndringer af Elforsyningsloven og en r\u00e6kke bekendtg\u00f8relser ikke modarbejder, men i stedet sikrer den ret, som borgere i lokale energif\u00e6llesskaber og i boligorganisationer i EU har til at etablere og dele egenproduceret el samt konvertere denne til varme og transport.&nbsp;<\/p>\n\n\n\n<p>Denne h\u00f8ring vil pege p\u00e5 de store potentialer, der er ved etablering af energif\u00e6llesskaber og borgerinddragelse, og skabe dialog mellem energipolitikere, net-selskaber og interessenter om at sikre befordrende regler for den lokale, folkelige VE-udbygning.<\/p>\n\n\n\n<div style=\"height:15px\" aria-hidden=\"true\" class=\"wp-block-spacer\"><\/div>\n\n\n\n<h3 class=\"wp-block-heading\"><strong>Tid, sted og tilmelding<\/strong><\/h3>\n\n\n\n<p>H\u00f8ringen finder sted i Proviantsalen (Saltlageret) p\u00e5 Christiansborg onsdag den 1. marts 2023 fra kl. 13 til 16. Man kan deltage b\u00e5de fysisk og online. Begge dele kr\u00e6ver tilmelding senest den 24. februar.&nbsp;<\/p>\n\n\n\n<p><a href=\"https:\/\/ida.dk\/arrangementer-og-kurser\/arrangementer\/horing-om-energifaellesskaber-og-borgerinddragelse-i-udbygningen-med-ve-fysisk-mode-348794\">Link til tilmelding (fysisk deltagelse)<\/a>.&nbsp;<\/p>\n\n\n\n<p><a href=\"https:\/\/ida.dk\/arrangementer-og-kurser\/arrangementer\/horing-om-energifaellesskaber-og-borgerinddragelse-i-udbygningen-med-ve-online-mode-348795\">Link til tilmelding (onlinedeltagelse)<\/a>.<\/p>\n\n\n\n<p>H\u00f8ringen er organiseret i et samarbejde mellem Milj\u00f8organisationen VedvarendeEnergi, Middelgrunden Vindm\u00f8llelaug, BL \u2013 Danmarks Almene Boliger, Andelsboligforeningernes F\u00e6llesrepr\u00e6sentation, Energif\u00e6llesskab Aved\u00f8re AMBA, Hyllegaard Udvikling, Permatopia, Bof\u00e6llesskab.dk, Landsforeningen for \u00d8kosamfund, Foreningen B\u00e6redygtige Byer og Bygninger, Landsforeningen \u00d8kologisk Byggeri, Brancheforeningen for Sm\u00e5 og Mellemstore Vindm\u00f8ller, Dansk Solcelleforening, energif\u00e6llesskaber.dk, Nordisk Folkecenter for Vedvarende Energi samt IDA-selskaberne for Teknologivurdering hhv. Gr\u00f8n Teknologi.<\/p>\n\n\n\n<div style=\"height:15px\" aria-hidden=\"true\" class=\"wp-block-spacer\"><\/div>\n\n\n\n<h3 class=\"wp-block-heading\">Program<\/h3>\n\n\n\n<p>13.00 Velkomst ved Lea Wermelin (S)&nbsp;&nbsp;<\/p>\n\n\n\n<p>13.10 Potentialer for borgerdrevet VE udbygning og dets muligheder og begr\u00e6nsninger i aktuelle udkast til lovforslag og bekendtg\u00f8relser, i forhold til EU-regler og politiske aftaler&nbsp;<\/p>\n\n\n\n<p>13.30 Kommentarer og \u00f8nsker fra boligforeninger \u2013 opl\u00e6g: Mikkel Jungshoved, BL&nbsp;<\/p>\n\n\n\n<p>13.40 Kommentarer og \u00f8nsker fra lokale energif\u00e6llesskaber \u2013 opl\u00e6g: Aved\u00f8re Energif\u00e6llesskab, et landsbyprojekt og\/eller et bof\u00e6llesskab&nbsp;<\/p>\n\n\n\n<p>14.00 Kommentarer og \u00f8nsker set fra et kommunalt perspektiv \u2013 opl\u00e6g: kommune&nbsp;<\/p>\n\n\n\n<p>14.10 Net-selskabernes roller ved tilslutning og tarifering af energif\u00e6llesskaber og boligorganisationer \u2013 opl\u00e6g: Green Power Denmark&nbsp;&nbsp;<\/p>\n\n\n\n<p>14.20 Sp\u00f8rgsm\u00e5l til indl\u00e6ggene og svar&nbsp;<\/p>\n\n\n\n<p>14.40 Kaffepause&nbsp;<\/p>\n\n\n\n<p>15.00 Opsummering af potentielle energi og klimabidrag samt de aktuelle barrierer \u2013 opl\u00e6g: Ulrik J\u00f8rgensen&nbsp;<\/p>\n\n\n\n<p>15.15 Paneldebat med energipolitikere \u2013 ordstyrer: Gunnar Boye Olesen, VE&nbsp;<\/p>\n\n\n\n<p>15.45 Opsamlende kommentarrunde fra h\u00f8ringens arrang\u00f8rer, \u00f8nsker til fremtidige rammer&nbsp;<\/p>\n\n\n\n<p>16.00 H\u00f8ringen afsluttes<\/p>\n\n\n\n<div style=\"height:25px\" aria-hidden=\"true\" class=\"wp-block-spacer\"><\/div>","protected":false},"excerpt":{"rendered":"<p>Nordisk Folkecenter for Vedvarende Energi er medarrang\u00f8r af h\u00f8ring om energif\u00e6lleskaber, som finder sted p\u00e5 Christiansborg med Lea Wermelin (S) som v\u00e6rt onsdag den 1. marts. Du kan deltage fysisk &#8230;<\/p>","protected":false},"author":1,"featured_media":0,"comment_status":"closed","ping_status":"closed","sticky":false,"template":"","format":"standard","meta":{"_uag_custom_page_level_css":"","footnotes":""},"categories":[173],"tags":[],"post_folder":[228],"class_list":["post-7076","post","type-post","status-publish","format-standard","hentry","category-short-news"],"uagb_featured_image_src":{"full":false,"thumbnail":false,"medium":false,"medium_large":false,"large":false,"1536x1536":false,"2048x2048":false,"trp-custom-language-flag":false,"mgb-medium":false,"mgb-vertical":false,"mgb-banner":false,"onepress-blog-small":false,"onepress-small":false,"onepress-medium":false},"uagb_author_info":{"display_name":"admin","author_link":"https:\/\/www.folkecenter.net\/da\/author\/admin\/"},"uagb_comment_info":0,"uagb_excerpt":"Nordisk Folkecenter for Vedvarende Energi er medarrang\u00f8r af h\u00f8ring om energif\u00e6lleskaber, som finder sted p\u00e5 Christiansborg med Lea Wermelin (S) som v\u00e6rt onsdag den 1. marts. Du kan deltage fysisk ...","_links":{"self":[{"href":"https:\/\/www.folkecenter.net\/da\/wp-json\/wp\/v2\/posts\/7076","targetHints":{"allow":["GET"]}}],"collection":[{"href":"https:\/\/www.folkecenter.net\/da\/wp-json\/wp\/v2\/posts"}],"about":[{"href":"https:\/\/www.folkecenter.net\/da\/wp-json\/wp\/v2\/types\/post"}],"author":[{"embeddable":true,"href":"https:\/\/www.folkecenter.net\/da\/wp-json\/wp\/v2\/users\/1"}],"replies":[{"embeddable":true,"href":"https:\/\/www.folkecenter.net\/da\/wp-json\/wp\/v2\/comments?post=7076"}],"version-history":[{"count":0,"href":"https:\/\/www.folkecenter.net\/da\/wp-json\/wp\/v2\/posts\/7076\/revisions"}],"wp:attachment":[{"href":"https:\/\/www.folkecenter.net\/da\/wp-json\/wp\/v2\/media?parent=7076"}],"wp:term":[{"taxonomy":"category","embeddable":true,"href":"https:\/\/www.folkecenter.net\/da\/wp-json\/wp\/v2\/categories?post=7076"},{"taxonomy":"post_tag","embeddable":true,"href":"https:\/\/www.folkecenter.net\/da\/wp-json\/wp\/v2\/tags?post=7076"},{"taxonomy":"post_folder","embeddable":true,"href":"https:\/\/www.folkecenter.net\/da\/wp-json\/wp\/v2\/post_folder?post=7076"}],"curies":[{"name":"wp","href":"https:\/\/api.w.org\/{rel}","templated":true}]}}