{"id":5460,"date":"2022-09-21T08:35:12","date_gmt":"2022-09-21T08:35:12","guid":{"rendered":"https:\/\/www.folkecenter.net\/?p=5460"},"modified":"2022-10-03T12:10:28","modified_gmt":"2022-10-03T12:10:28","slug":"schools-visits-nordic-folkecentre","status":"publish","type":"post","link":"https:\/\/www.folkecenter.net\/da\/schools-visits-nordic-folkecentre\/","title":{"rendered":"Skolebes\u00f8g p\u00e5 Nordisk Folkecenter"},"content":{"rendered":"<p><em>Skrevet af: Pernille Manicus, oversat af: Pernille Manicus<\/em><\/p>\n\n\n\n<p>Tilsted Skole og Sydthy Friskole g\u00e6stede i denne uge Nordisk Folkecenter for Vedvarende Energi for at blive klogere p\u00e5 biodiversitet og verdensm\u00e5lene gennem vores Gr\u00f8n Safari.<\/p>\n\n\n\n<h2 class=\"wp-block-heading\">\u201dKan en vindm\u00f8lle k\u00f8re 100 km\/t?\u201d<\/h2>\n\n\n\n<p>35 sp\u00e6ndte og ivrige elever fra 5. \u00e5rgang p\u00e5 Tilsted Skole m\u00f8dte ind til Gr\u00f8n Safari kl. 9 mandag morgen, d. 19. september, og efter en kort introduktion blev de sluppet l\u00f8s med clipboards og tasker. Ind i vindm\u00f8llevingen, igennem labyrinten, ned af biodiversitetsstien, lave puslespil i SkibstedFjord, se en \u00bc af en afrikansk skolestue, fiske efter sp\u00f8rgsm\u00e5l og sidst, men ikke mindst, lave badges og insekthoteller.<\/p>\n\n\n\n<p>Dagen b\u00f8d p\u00e5 h\u00f8jt solskin, og mange, mange, mange sp\u00f8rgsm\u00e5l, lige fra \u201dkan en vindm\u00f8lle k\u00f8re 100 km\/t?\u201d over \u201dbr\u00e6nder en solcelle, hvis den bliver for varm?\u201d til \u201dhvor mange badges har du lavet i dit liv?\u201d. Alle sp\u00f8rgsm\u00e5lene blev selvf\u00f8lgelig besvaret efter bedste evne, og eleverne n\u00f8d godt af al den plads vi har p\u00e5 Folkecenteret.<\/p>\n\n\n\n<blockquote class=\"wp-block-quote is-layout-flow wp-block-quote-is-layout-flow\"><p>\u201dDet er dejligt, at komme et sted, hvor der er skabt plads til l\u00e6ring gennem leg,\u201d siger Minna, l\u00e6rer p\u00e5 Tilsted Skole, som havde takket ja til Nordisk Folkecenters invitation om, at tage sine elever med p\u00e5 Gr\u00f8n Safari.<\/p><\/blockquote>\n\n\n\n<p>Eleverne fra Tilsted Skole virkede godt tr\u00e6tte og m\u00e6tte af oplevelser, da de satte sig i bussen med deres badges og insekthoteller.<\/p>\n\n\n\n<div class=\"wp-block-columns is-layout-flex wp-container-core-columns-is-layout-9d6595d7 wp-block-columns-is-layout-flex\">\n<div class=\"wp-block-column is-layout-flow wp-block-column-is-layout-flow\">\n<figure class=\"wp-block-image size-large\"><img decoding=\"async\" src=\"https:\/\/www.folkecenter.net\/wp-content\/uploads\/2022\/09\/20220919_110136_01-1024x768.jpg\" alt=\"Green Safari sep 2022\" class=\"wp-image-5465\"\/><figcaption>Frokosten nydes ved hovedbygningen i solskin<\/figcaption><\/figure>\n<\/div>\n\n\n\n<div class=\"wp-block-column is-layout-flow wp-block-column-is-layout-flow\">\n<figure class=\"wp-block-image size-large\"><img decoding=\"async\" src=\"https:\/\/www.folkecenter.net\/wp-content\/uploads\/2022\/09\/20220919_100628-1024x768.jpg\" alt=\"Green Safari sep 2022\" class=\"wp-image-5463\"\/><figcaption>Puslespillet kr\u00e6vede flere hoveder og h\u00e6nder for at blive l\u00f8st<\/figcaption><\/figure>\n<\/div>\n<\/div>\n\n\n\n<h2 class=\"wp-block-heading\">Team VE og Team B\u00e6redygtig Abemand<\/h2>\n\n\n\n<p>N\u00e6ste dag gik det s\u00e5m\u00e6nd l\u00f8s p\u00e5 Gr\u00f8n Safari igen. Sydthy Friskole havde ogs\u00e5 sagt ja tak til at komme og pr\u00f8ve Gr\u00f8n Safari. 15 elever fra 3., 4. og 5. klassetrin m\u00f8dte ind d. 20. september \u2013 og heldigvis ogs\u00e5 her var der solskin p\u00e5 programmet. Eleverne blev delt op i to hold, og p\u00e5 opfordring aftalte de to holdnavne: Team VE og Team B\u00e6redygtig Abemand.<\/p>\n\n\n\n<p>Ogs\u00e5 de var glade for omgivelserne, og brugte meget tid p\u00e5 at finde de helt rigtige materialer til deres insekthoteller \u2013 \u00e9n af de opgaver, man f\u00e5r, n\u00e5r man pr\u00f8ver Gr\u00f8n Safari. L\u00e6rerne Annelise og Jens havde en god dag med deres elever, og de gl\u00e6dede sig over de udend\u00f8rs oplevelser, som Gr\u00f8n Safari gav eleverne:<\/p>\n\n\n\n<blockquote class=\"wp-block-quote is-layout-flow wp-block-quote-is-layout-flow\"><p>\u201dVi vil rigtig gerne have b\u00f8rnene med udenfor, og det var ogs\u00e5 derfor at vi bad om at blive sat af et stykke vej herfra, s\u00e5 vi kunne f\u00e5 en god travetur med b\u00f8rnene herhen,\u201d fort\u00e6ller Annelise.<\/p><\/blockquote>\n\n\n\n<p>Og ogs\u00e5 denne dag kunne vi se at aktiviteterne og oplevelserne havde sat deres spor i eleverne, som s\u00e5 frem til at f\u00e5 en sid-ned i bussen hjem til skolen.<\/p>\n\n\n\n<p>Herfra skal der lyde et tak for bes\u00f8get til de to skoler; det var rigtig hyggeligt - og vi h\u00e5ber p\u00e5 at se jer igen.<\/p>\n\n\n\n<p><\/p>\n\n\n\n<p>Projektet er st\u00f8ttet af LAG Thy Mors. L\u00e6s mere om \"Den Europ\u00e6iske Landbrugsfond for Udvikling af Landdistrikter: Europa investerer i landdistrikter\" her: <a rel=\"noreferrer noopener\" href=\"http:\/\/ec.europa.eu\/agriculture\/rural-development-2014-2020\/index_da.htm\" target=\"_blank\"><strong>http:\/\/ec.europa.eu\/agriculture\/rural-development-2014-2020\/index_da.htm<\/strong><\/a><\/p>\n\n\n\n<div style=\"height:60px\" aria-hidden=\"true\" class=\"wp-block-spacer\"><\/div>\n\n\n\n<div class=\"wp-block-columns is-layout-flex wp-container-core-columns-is-layout-9d6595d7 wp-block-columns-is-layout-flex\">\n<div class=\"wp-block-column is-layout-flow wp-block-column-is-layout-flow\"><div class=\"wp-block-image\">\n<figure class=\"aligncenter size-large is-resized\"><img loading=\"lazy\" decoding=\"async\" src=\"https:\/\/www.folkecenter.net\/wp-content\/uploads\/2022\/09\/LAG-logo-Lokale-aktions-grupper-1-1024x565.png\" alt=\"\" class=\"wp-image-5698\" width=\"187\" height=\"103\" srcset=\"https:\/\/www.folkecenter.net\/wp-content\/uploads\/2022\/09\/LAG-logo-Lokale-aktions-grupper-1-1024x565.png 1024w, https:\/\/www.folkecenter.net\/wp-content\/uploads\/2022\/09\/LAG-logo-Lokale-aktions-grupper-1-300x165.png 300w, https:\/\/www.folkecenter.net\/wp-content\/uploads\/2022\/09\/LAG-logo-Lokale-aktions-grupper-1-768x424.png 768w, https:\/\/www.folkecenter.net\/wp-content\/uploads\/2022\/09\/LAG-logo-Lokale-aktions-grupper-1-1536x847.png 1536w, https:\/\/www.folkecenter.net\/wp-content\/uploads\/2022\/09\/LAG-logo-Lokale-aktions-grupper-1-18x10.png 18w, https:\/\/www.folkecenter.net\/wp-content\/uploads\/2022\/09\/LAG-logo-Lokale-aktions-grupper-1.png 1713w\" sizes=\"auto, (max-width: 187px) 100vw, 187px\" \/><\/figure><\/div><\/div>\n\n\n\n<div class=\"wp-block-column is-layout-flow wp-block-column-is-layout-flow\"><div class=\"wp-block-image\">\n<figure class=\"aligncenter size-large\"><img loading=\"lazy\" decoding=\"async\" width=\"1024\" height=\"315\" src=\"https:\/\/www.folkecenter.net\/wp-content\/uploads\/2022\/09\/LAG_foelgelogoer_1_dk-1-1-1024x315.png\" alt=\"\" class=\"wp-image-5699\" srcset=\"https:\/\/www.folkecenter.net\/wp-content\/uploads\/2022\/09\/LAG_foelgelogoer_1_dk-1-1-1024x315.png 1024w, https:\/\/www.folkecenter.net\/wp-content\/uploads\/2022\/09\/LAG_foelgelogoer_1_dk-1-1-300x92.png 300w, https:\/\/www.folkecenter.net\/wp-content\/uploads\/2022\/09\/LAG_foelgelogoer_1_dk-1-1-768x237.png 768w, https:\/\/www.folkecenter.net\/wp-content\/uploads\/2022\/09\/LAG_foelgelogoer_1_dk-1-1-1536x473.png 1536w, https:\/\/www.folkecenter.net\/wp-content\/uploads\/2022\/09\/LAG_foelgelogoer_1_dk-1-1-2048x631.png 2048w, https:\/\/www.folkecenter.net\/wp-content\/uploads\/2022\/09\/LAG_foelgelogoer_1_dk-1-1-18x6.png 18w\" sizes=\"auto, (max-width: 1024px) 100vw, 1024px\" \/><\/figure><\/div><\/div>\n\n\n\n<div class=\"wp-block-column is-layout-flow wp-block-column-is-layout-flow\"><div class=\"wp-block-image\">\n<figure class=\"aligncenter size-large\"><img loading=\"lazy\" decoding=\"async\" width=\"1024\" height=\"357\" src=\"https:\/\/www.folkecenter.net\/wp-content\/uploads\/2022\/09\/logoDK-1024x357.png\" alt=\"\" class=\"wp-image-5375\" srcset=\"https:\/\/www.folkecenter.net\/wp-content\/uploads\/2022\/09\/logoDK-1024x357.png 1024w, https:\/\/www.folkecenter.net\/wp-content\/uploads\/2022\/09\/logoDK-300x105.png 300w, https:\/\/www.folkecenter.net\/wp-content\/uploads\/2022\/09\/logoDK-768x268.png 768w, https:\/\/www.folkecenter.net\/wp-content\/uploads\/2022\/09\/logoDK-1536x536.png 1536w, https:\/\/www.folkecenter.net\/wp-content\/uploads\/2022\/09\/logoDK-2048x714.png 2048w, https:\/\/www.folkecenter.net\/wp-content\/uploads\/2022\/09\/logoDK-18x6.png 18w\" sizes=\"auto, (max-width: 1024px) 100vw, 1024px\" \/><\/figure><\/div><\/div>\n<\/div>\n\n\n\n<div style=\"height:60px\" aria-hidden=\"true\" class=\"wp-block-spacer\"><\/div>","protected":false},"excerpt":{"rendered":"<p>Author: Pernille Manicus, translated by: Pernille Manicus Tilsted School and Sydthy Friskole visited the Nordic Folkecenter for Renewable Energy this week to learn more about biodiversity and the UN&#8217;s Sustainable &#8230;<\/p>","protected":false},"author":1,"featured_media":0,"comment_status":"closed","ping_status":"closed","sticky":false,"template":"","format":"standard","meta":{"_uag_custom_page_level_css":"","footnotes":""},"categories":[173,195],"tags":[],"post_folder":[378],"class_list":["post-5460","post","type-post","status-publish","format-standard","hentry","category-short-news","category-visits"],"uagb_featured_image_src":{"full":false,"thumbnail":false,"medium":false,"medium_large":false,"large":false,"1536x1536":false,"2048x2048":false,"trp-custom-language-flag":false,"mgb-medium":false,"mgb-vertical":false,"mgb-banner":false,"onepress-blog-small":false,"onepress-small":false,"onepress-medium":false},"uagb_author_info":{"display_name":"admin","author_link":"https:\/\/www.folkecenter.net\/da\/author\/admin\/"},"uagb_comment_info":0,"uagb_excerpt":"Author: Pernille Manicus, translated by: Pernille Manicus Tilsted School and Sydthy Friskole visited the Nordic Folkecenter for Renewable Energy this week to learn more about biodiversity and the UN&#8217;s Sustainable ...","_links":{"self":[{"href":"https:\/\/www.folkecenter.net\/da\/wp-json\/wp\/v2\/posts\/5460","targetHints":{"allow":["GET"]}}],"collection":[{"href":"https:\/\/www.folkecenter.net\/da\/wp-json\/wp\/v2\/posts"}],"about":[{"href":"https:\/\/www.folkecenter.net\/da\/wp-json\/wp\/v2\/types\/post"}],"author":[{"embeddable":true,"href":"https:\/\/www.folkecenter.net\/da\/wp-json\/wp\/v2\/users\/1"}],"replies":[{"embeddable":true,"href":"https:\/\/www.folkecenter.net\/da\/wp-json\/wp\/v2\/comments?post=5460"}],"version-history":[{"count":0,"href":"https:\/\/www.folkecenter.net\/da\/wp-json\/wp\/v2\/posts\/5460\/revisions"}],"wp:attachment":[{"href":"https:\/\/www.folkecenter.net\/da\/wp-json\/wp\/v2\/media?parent=5460"}],"wp:term":[{"taxonomy":"category","embeddable":true,"href":"https:\/\/www.folkecenter.net\/da\/wp-json\/wp\/v2\/categories?post=5460"},{"taxonomy":"post_tag","embeddable":true,"href":"https:\/\/www.folkecenter.net\/da\/wp-json\/wp\/v2\/tags?post=5460"},{"taxonomy":"post_folder","embeddable":true,"href":"https:\/\/www.folkecenter.net\/da\/wp-json\/wp\/v2\/post_folder?post=5460"}],"curies":[{"name":"wp","href":"https:\/\/api.w.org\/{rel}","templated":true}]}}