{"id":9858,"date":"2024-08-24T14:07:36","date_gmt":"2024-08-24T12:07:36","guid":{"rendered":"https:\/\/www.folkecenter.net\/?p=9858"},"modified":"2024-09-04T12:27:15","modified_gmt":"2024-09-04T10:27:15","slug":"extraordinary-general-assembly-in-the-support-group","status":"publish","type":"post","link":"http:\/\/www.folkecenter.net\/da\/extraordinary-general-assembly-in-the-support-group\/","title":{"rendered":"Ekstraordin\u00e6r generalforsamling i St\u00f8ttekredsen"},"content":{"rendered":"<p>Nordisk Folkecenter for Vedvarende Energis St\u00f8ttekreds indkalder hermed til ekstraordin\u00e6r generalforsamling.<\/p>\n\n\n\n<p><\/p>\n\n\n\n<p><strong>L\u00f8rdag d. 7. september 2024 kl. 14.00 i Skibstedfjord Bygningen.<\/strong><\/p>\n\n\n\n<p><strong>Kammersgaardsvej 16, Sdr. Ydby, 7760 Hurup<\/strong><\/p>\n\n\n\n<p><\/p>\n\n\n\n<p>Dagsorden:<\/p>\n\n\n\n<p>Valg af dirigent<\/p>\n\n\n\n<p>Valg af referent<\/p>\n\n\n\n<p>Bestyrelsens forslag til vedt\u00e6gts\u00e6ndringer<\/p>\n\n\n\n<p>Eventuelt<\/p>\n\n\n\n<p><\/p>\n\n\n\n<p>Venlig hilsen<\/p>\n\n\n\n<p>Per Thostrup, bestyrelsesformand.<\/p>","protected":false},"excerpt":{"rendered":"<p>Nordisk Folkecenter for Vedvarende Energis St\u00f8ttekreds indkalder hermed til ekstraordin\u00e6r generalforsamling. L\u00f8rdag den 7. september 2024 kl.14:00 i Skibstedfjord Bygning Kammersgaardsvej 16, Sdr. Ydby, 7760 Hurup Dagsorden: Udv\u00e6lgelse \u2026<\/p>","protected":false},"author":2,"featured_media":8627,"comment_status":"closed","ping_status":"open","sticky":false,"template":"","format":"standard","meta":{"_uag_custom_page_level_css":"","footnotes":""},"categories":[11,173],"tags":[],"post_folder":[315],"class_list":["post-9858","post","type-post","status-publish","format-standard","has-post-thumbnail","hentry","category-events","category-short-news"],"uagb_featured_image_src":{"full":["https:\/\/www.folkecenter.net\/wp-content\/uploads\/2024\/01\/Luftfoto_main-2.png",1898,1076,false],"thumbnail":["https:\/\/www.folkecenter.net\/wp-content\/uploads\/2024\/01\/Luftfoto_main-2-150x150.png",150,150,true],"medium":["https:\/\/www.folkecenter.net\/wp-content\/uploads\/2024\/01\/Luftfoto_main-2-300x170.png",300,170,true],"medium_large":["https:\/\/www.folkecenter.net\/wp-content\/uploads\/2024\/01\/Luftfoto_main-2-768x435.png",768,435,true],"large":["https:\/\/www.folkecenter.net\/wp-content\/uploads\/2024\/01\/Luftfoto_main-2-1024x581.png",800,454,true],"1536x1536":["https:\/\/www.folkecenter.net\/wp-content\/uploads\/2024\/01\/Luftfoto_main-2-1536x871.png",1536,871,true],"2048x2048":["https:\/\/www.folkecenter.net\/wp-content\/uploads\/2024\/01\/Luftfoto_main-2.png",1898,1076,false],"trp-custom-language-flag":["https:\/\/www.folkecenter.net\/wp-content\/uploads\/2024\/01\/Luftfoto_main-2-18x10.png",18,10,true],"mgb-medium":["https:\/\/www.folkecenter.net\/wp-content\/uploads\/2024\/01\/Luftfoto_main-2-600x600.png",600,600,true],"mgb-vertical":["https:\/\/www.folkecenter.net\/wp-content\/uploads\/2024\/01\/Luftfoto_main-2-600x900.png",600,900,true],"mgb-banner":["https:\/\/www.folkecenter.net\/wp-content\/uploads\/2024\/01\/Luftfoto_main-2-1600x800.png",1600,800,true],"onepress-blog-small":["https:\/\/www.folkecenter.net\/wp-content\/uploads\/2024\/01\/Luftfoto_main-2-300x150.png",300,150,true],"onepress-small":["https:\/\/www.folkecenter.net\/wp-content\/uploads\/2024\/01\/Luftfoto_main-2-480x300.png",480,300,true],"onepress-medium":["https:\/\/www.folkecenter.net\/wp-content\/uploads\/2024\/01\/Luftfoto_main-2-640x400.png",640,400,true]},"uagb_author_info":{"display_name":"Pernille Manicus","author_link":"http:\/\/www.folkecenter.net\/da\/author\/pernille\/"},"uagb_comment_info":0,"uagb_excerpt":"Nordic Folkecenter for Renewable Energy&#8217;s Support Group hereby convenes an extraordinary general assembly. Saturday 7 September 2024 at 14:00 in Skibstedfjord Building Kammersgaardsvej 16, Sdr. Ydby, 7760 Hurup Agenda: Selection ...","_links":{"self":[{"href":"http:\/\/www.folkecenter.net\/da\/wp-json\/wp\/v2\/posts\/9858","targetHints":{"allow":["GET"]}}],"collection":[{"href":"http:\/\/www.folkecenter.net\/da\/wp-json\/wp\/v2\/posts"}],"about":[{"href":"http:\/\/www.folkecenter.net\/da\/wp-json\/wp\/v2\/types\/post"}],"author":[{"embeddable":true,"href":"http:\/\/www.folkecenter.net\/da\/wp-json\/wp\/v2\/users\/2"}],"replies":[{"embeddable":true,"href":"http:\/\/www.folkecenter.net\/da\/wp-json\/wp\/v2\/comments?post=9858"}],"version-history":[{"count":0,"href":"http:\/\/www.folkecenter.net\/da\/wp-json\/wp\/v2\/posts\/9858\/revisions"}],"wp:featuredmedia":[{"embeddable":true,"href":"http:\/\/www.folkecenter.net\/da\/wp-json\/wp\/v2\/media\/8627"}],"wp:attachment":[{"href":"http:\/\/www.folkecenter.net\/da\/wp-json\/wp\/v2\/media?parent=9858"}],"wp:term":[{"taxonomy":"category","embeddable":true,"href":"http:\/\/www.folkecenter.net\/da\/wp-json\/wp\/v2\/categories?post=9858"},{"taxonomy":"post_tag","embeddable":true,"href":"http:\/\/www.folkecenter.net\/da\/wp-json\/wp\/v2\/tags?post=9858"},{"taxonomy":"post_folder","embeddable":true,"href":"http:\/\/www.folkecenter.net\/da\/wp-json\/wp\/v2\/post_folder?post=9858"}],"curies":[{"name":"wp","href":"https:\/\/api.w.org\/{rel}","templated":true}]}}