{"id":9477,"date":"2024-07-02T07:08:22","date_gmt":"2024-07-02T07:08:22","guid":{"rendered":"https:\/\/www.folkecenter.net\/?p=9477"},"modified":"2024-07-02T07:08:22","modified_gmt":"2024-07-02T07:08:22","slug":"ordinary-general-assembly-2024","status":"publish","type":"post","link":"http:\/\/www.folkecenter.net\/da\/ordinary-general-assembly-2024\/","title":{"rendered":"Ordin\u00e6r Generalforsamling 2024"},"content":{"rendered":"<p>Referat fra Ordin\u00e6r Generalforsamling 22. juni 2024 kl. 14:00<\/p>\n\n\n\n<ol class=\"wp-block-list\">\n<li>Valg af dirigent, referent og stemmet\u00e6ller.<br><br>Dirigent Ole Vagn Christensen<br>Referent Lise Nielsen<br>2 stemmet\u00e6llere blev valgt<br><\/li>\n\n\n\n<li>Formand Per Thostrup og n\u00e6stformand Lars G Skjoldager aflagde bestyrelsens beretning.<br><br>Tak til Ole Vagn Christensen for de mere end 10 \u00e5rs formandskab og 40 \u00e5rsvirke for Nordisk Folkecenter.<br>Vi mindes Niels I Meyer og takker for de mange \u00e5rs samarbejde og st\u00f8tte. Niels I Meyer gik bort oktober 2023.<br><br>Advicory Board stiftet 22. april 2024 blev pr\u00e6senteret.<br><br>Lars G Skjoldager gennemgik den uro som Christian N Grant i sin formandsperiode (2. oktober 2023 til 12.\nmarts 2024) havde skabt med angreb p\u00e5 demokratiet og Nordisk Folkecenterets ledelse.<br><br>Beretning godkendt.<br><\/li>\n\n\n\n<li>St\u00f8ttekredsens regnskab fremlagt.<br><br>99 medlemmer i st\u00f8ttekredsen. Hvis vi tager 2024 med er der 158 medlemmer.<br><\/li>\n\n\n\n<li>Indkomne forslag<br><br>Vedt\u00e6gts\u00e6ndringer blev lagt frem.<br><br>Ekstraordin\u00e6r generalforsamling bliver den 7. september 2024<br><br>Andet forslag var et mistillidsvotum til bestyrelsen fremsat af tre personer. 39 stemmeberettiget stemte 33\nnej, 3 for og 3 blanke. Forslaget faldt.<br><\/li>\n\n\n\n<li>Valg af bestyrelsesmedlemmer<br><br>Valgt: Henning Bo Madsen, Ringk\u00f8bing og Anders Maegaard Metz Kristensen, K\u00f8benhavn<br><\/li>\n\n\n\n<li>Valg af fire suppleanter<br><br>Valgt Jane Bonnerup, Judit Szoleczky, Niels Ans\u00f8 og Anna Krenz.<br><\/li>\n\n\n\n<li>Fastl\u00e6ggelse af kontingent.<br><br>Samme kontingent som sidste \u00e5r.<br><\/li>\n\n\n\n<li>Valg af kasserer og revisor for St\u00f8ttekredsen.<br><br>Valgt Ian Jordan som kasserer og J\u00f8rgen M\u00f8ller som revisor.<br><\/li>\n\n\n\n<li>Orientering om nye medlemmer af St\u00f8ttekredsen.<br><br>9 nye medlemmer<br><\/li>\n\n\n\n<li>Eventuelt<br><br>Debat om Nordisk Folkecenters trainee program, Udenrigsministeriets nye program for u-lands st\u00f8tte, forslag til\nden kommende ekstraordin\u00e6re generalforsamling.<br><\/li>\n<\/ol>\n\n\n\n<p>Opsummeret og sammenskrevet baseret p\u00e5 referatet. Af Jane Kruse.<\/p>","protected":false},"excerpt":{"rendered":"<p>Report from the ordinary general assembly 22 June 2024 at 14:00. Summarized and written together based on the report. By Jane Kruse.<\/p>","protected":false},"author":2,"featured_media":9480,"comment_status":"closed","ping_status":"open","sticky":false,"template":"","format":"standard","meta":{"_uag_custom_page_level_css":"","footnotes":""},"categories":[11,59,173],"tags":[],"post_folder":[315],"class_list":["post-9477","post","type-post","status-publish","format-standard","has-post-thumbnail","hentry","category-events","category-press-releases","category-short-news"],"uagb_featured_image_src":{"full":["https:\/\/www.folkecenter.net\/wp-content\/uploads\/2024\/07\/IMG_2128-rotated.jpg",1512,2016,false],"thumbnail":["https:\/\/www.folkecenter.net\/wp-content\/uploads\/2024\/07\/IMG_2128-150x150.jpg",150,150,true],"medium":["https:\/\/www.folkecenter.net\/wp-content\/uploads\/2024\/07\/IMG_2128-225x300.jpg",225,300,true],"medium_large":["https:\/\/www.folkecenter.net\/wp-content\/uploads\/2024\/07\/IMG_2128-768x1024.jpg",768,1024,true],"large":["https:\/\/www.folkecenter.net\/wp-content\/uploads\/2024\/07\/IMG_2128-768x1024.jpg",768,1024,true],"1536x1536":["https:\/\/www.folkecenter.net\/wp-content\/uploads\/2024\/07\/IMG_2128-1152x1536.jpg",1152,1536,true],"2048x2048":["https:\/\/www.folkecenter.net\/wp-content\/uploads\/2024\/07\/IMG_2128-rotated.jpg",1512,2016,false],"trp-custom-language-flag":["https:\/\/www.folkecenter.net\/wp-content\/uploads\/2024\/07\/IMG_2128-9x12.jpg",9,12,true],"mgb-medium":["https:\/\/www.folkecenter.net\/wp-content\/uploads\/2024\/07\/IMG_2128-600x600.jpg",600,600,true],"mgb-vertical":["https:\/\/www.folkecenter.net\/wp-content\/uploads\/2024\/07\/IMG_2128-600x900.jpg",600,900,true],"mgb-banner":["https:\/\/www.folkecenter.net\/wp-content\/uploads\/2024\/07\/IMG_2128-1512x800.jpg",1512,800,true],"onepress-blog-small":["https:\/\/www.folkecenter.net\/wp-content\/uploads\/2024\/07\/IMG_2128-300x150.jpg",300,150,true],"onepress-small":["https:\/\/www.folkecenter.net\/wp-content\/uploads\/2024\/07\/IMG_2128-480x300.jpg",480,300,true],"onepress-medium":["https:\/\/www.folkecenter.net\/wp-content\/uploads\/2024\/07\/IMG_2128-640x400.jpg",640,400,true]},"uagb_author_info":{"display_name":"Pernille Manicus","author_link":"http:\/\/www.folkecenter.net\/da\/author\/pernille\/"},"uagb_comment_info":0,"uagb_excerpt":"Report from the ordinary general assembly 22 June 2024 at 14:00. Summarized and written together based on the report. By Jane Kruse.","_links":{"self":[{"href":"http:\/\/www.folkecenter.net\/da\/wp-json\/wp\/v2\/posts\/9477","targetHints":{"allow":["GET"]}}],"collection":[{"href":"http:\/\/www.folkecenter.net\/da\/wp-json\/wp\/v2\/posts"}],"about":[{"href":"http:\/\/www.folkecenter.net\/da\/wp-json\/wp\/v2\/types\/post"}],"author":[{"embeddable":true,"href":"http:\/\/www.folkecenter.net\/da\/wp-json\/wp\/v2\/users\/2"}],"replies":[{"embeddable":true,"href":"http:\/\/www.folkecenter.net\/da\/wp-json\/wp\/v2\/comments?post=9477"}],"version-history":[{"count":0,"href":"http:\/\/www.folkecenter.net\/da\/wp-json\/wp\/v2\/posts\/9477\/revisions"}],"wp:featuredmedia":[{"embeddable":true,"href":"http:\/\/www.folkecenter.net\/da\/wp-json\/wp\/v2\/media\/9480"}],"wp:attachment":[{"href":"http:\/\/www.folkecenter.net\/da\/wp-json\/wp\/v2\/media?parent=9477"}],"wp:term":[{"taxonomy":"category","embeddable":true,"href":"http:\/\/www.folkecenter.net\/da\/wp-json\/wp\/v2\/categories?post=9477"},{"taxonomy":"post_tag","embeddable":true,"href":"http:\/\/www.folkecenter.net\/da\/wp-json\/wp\/v2\/tags?post=9477"},{"taxonomy":"post_folder","embeddable":true,"href":"http:\/\/www.folkecenter.net\/da\/wp-json\/wp\/v2\/post_folder?post=9477"}],"curies":[{"name":"wp","href":"https:\/\/api.w.org\/{rel}","templated":true}]}}