{"id":7924,"date":"2023-08-28T09:38:58","date_gmt":"2023-08-28T09:38:58","guid":{"rendered":"https:\/\/www.folkecenter.net\/?p=7924"},"modified":"2024-09-04T11:54:40","modified_gmt":"2024-09-04T09:54:40","slug":"folkerigsdag-pa-nordisk-folkecenter","status":"publish","type":"post","link":"http:\/\/www.folkecenter.net\/da\/folkerigsdag-pa-nordisk-folkecenter\/","title":{"rendered":"Folkerigsdag p\u00e5 Nordisk Folkecenter"},"content":{"rendered":"<p>Foreningen Frit Norden afholdte i weekenden Folkerigsdag p\u00e5 Nordisk Folkecenter. De &#8220;perfekte rammer for en konference&#8221;, som de udtrykte det, med vores konferencecenter og smukke omgivelser. Temaerne var energidemokrati og madsuver\u00e6nitet. Weekenden b\u00f8d p\u00e5 et sp\u00e6ndende og tidsrelevant program.<\/p>\n\n\n\n<p>Som opl\u00e6gsholdere fra Folkecentret var forstander Jane Kruse med en guidet tur rundt p\u00e5 Folkecenteret, Sustainable manager Gitte Davidsen med opl\u00e6g om verdensm\u00e5lenes sammenh\u00e6ng med weekendens tema samt senior advisor Niels Johan Juhl-Nielsen med opl\u00e6g om Energif\u00e6llesskaber.<\/p>\n\n\n\n<div style=\"height:13px\" aria-hidden=\"true\" class=\"wp-block-spacer\"><\/div>\n\n\n\n<figure class=\"wp-block-gallery has-nested-images columns-default is-cropped wp-block-gallery-1 is-layout-flex wp-block-gallery-is-layout-flex\">\n<figure class=\"wp-block-image size-large\"><img decoding=\"async\" data-id=\"7925\" src=\"https:\/\/www.folkecenter.net\/wp-content\/uploads\/2023\/08\/IGitte-D-oplaeg-Verdensmale-Frit-Norden-26.-08-2023-768x1024.jpg\" alt=\"\" class=\"wp-image-7925\"\/><\/figure>\n\n\n\n<figure class=\"wp-block-image size-large\"><img decoding=\"async\" data-id=\"7927\" src=\"https:\/\/www.folkecenter.net\/wp-content\/uploads\/2023\/08\/IVerdensmalene-Walk-leg-26.-aug.-2023-Frit-Norden-1024x768.jpg\" alt=\"\" class=\"wp-image-7927\"\/><\/figure>\n\n\n\n<figure class=\"wp-block-image size-large\"><img decoding=\"async\" data-id=\"7928\" src=\"https:\/\/www.folkecenter.net\/wp-content\/uploads\/2023\/08\/Jane1-1024x1024.jpg\" alt=\"\" class=\"wp-image-7928\"\/><\/figure>\n\n\n\n<figure class=\"wp-block-image size-large\"><img decoding=\"async\" data-id=\"7926\" src=\"https:\/\/www.folkecenter.net\/wp-content\/uploads\/2023\/08\/Niels-Johan-Juhl-Nielsen-26.-08.-23-Konferense-Frit-Norden-768x1024.jpg\" alt=\"\" class=\"wp-image-7926\"\/><\/figure>\n<\/figure>\n\n\n\n<div style=\"height:34px\" aria-hidden=\"true\" class=\"wp-block-spacer\"><\/div>","protected":false},"excerpt":{"rendered":"<p>Foreningen Frit Norden afholdte i weekenden Folkerigsdag p\u00e5 Nordisk Folkecenter. De &#8220;perfekte rammer for en konference&#8221;, som de udtrykte det, med vores konferencecenter og smukke omgivelser. Temaerne var energidemokrati og &#8230;<\/p>","protected":false},"author":1,"featured_media":0,"comment_status":"closed","ping_status":"closed","sticky":false,"template":"","format":"standard","meta":{"_uag_custom_page_level_css":"","footnotes":""},"categories":[173,195],"tags":[],"post_folder":[378],"class_list":["post-7924","post","type-post","status-publish","format-standard","hentry","category-short-news","category-visits"],"uagb_featured_image_src":{"full":false,"thumbnail":false,"medium":false,"medium_large":false,"large":false,"1536x1536":false,"2048x2048":false,"trp-custom-language-flag":false,"mgb-medium":false,"mgb-vertical":false,"mgb-banner":false,"onepress-blog-small":false,"onepress-small":false,"onepress-medium":false},"uagb_author_info":{"display_name":"admin","author_link":"http:\/\/www.folkecenter.net\/da\/author\/admin\/"},"uagb_comment_info":0,"uagb_excerpt":"Foreningen Frit Norden afholdte i weekenden Folkerigsdag p\u00e5 Nordisk Folkecenter. De &#8220;perfekte rammer for en konference&#8221;, som de udtrykte det, med vores konferencecenter og smukke omgivelser. Temaerne var energidemokrati og ...","_links":{"self":[{"href":"http:\/\/www.folkecenter.net\/da\/wp-json\/wp\/v2\/posts\/7924","targetHints":{"allow":["GET"]}}],"collection":[{"href":"http:\/\/www.folkecenter.net\/da\/wp-json\/wp\/v2\/posts"}],"about":[{"href":"http:\/\/www.folkecenter.net\/da\/wp-json\/wp\/v2\/types\/post"}],"author":[{"embeddable":true,"href":"http:\/\/www.folkecenter.net\/da\/wp-json\/wp\/v2\/users\/1"}],"replies":[{"embeddable":true,"href":"http:\/\/www.folkecenter.net\/da\/wp-json\/wp\/v2\/comments?post=7924"}],"version-history":[{"count":0,"href":"http:\/\/www.folkecenter.net\/da\/wp-json\/wp\/v2\/posts\/7924\/revisions"}],"wp:attachment":[{"href":"http:\/\/www.folkecenter.net\/da\/wp-json\/wp\/v2\/media?parent=7924"}],"wp:term":[{"taxonomy":"category","embeddable":true,"href":"http:\/\/www.folkecenter.net\/da\/wp-json\/wp\/v2\/categories?post=7924"},{"taxonomy":"post_tag","embeddable":true,"href":"http:\/\/www.folkecenter.net\/da\/wp-json\/wp\/v2\/tags?post=7924"},{"taxonomy":"post_folder","embeddable":true,"href":"http:\/\/www.folkecenter.net\/da\/wp-json\/wp\/v2\/post_folder?post=7924"}],"curies":[{"name":"wp","href":"https:\/\/api.w.org\/{rel}","templated":true}]}}