{"id":5452,"date":"2022-08-05T06:48:00","date_gmt":"2022-08-05T06:48:00","guid":{"rendered":"https:\/\/www.folkecenter.net\/?p=5452"},"modified":"2024-09-04T11:44:27","modified_gmt":"2024-09-04T09:44:27","slug":"malinesisk-energibesog-i-danmark","status":"publish","type":"post","link":"http:\/\/www.folkecenter.net\/da\/malinesisk-energibesog-i-danmark\/","title":{"rendered":"Malinesisk energibes\u00f8g i Danmark"},"content":{"rendered":"<p>Pressemeddelelse Sdr. Ydby 5. august 2022<\/p>\n\n\n\n<div class=\"wp-block-columns is-layout-flex wp-container-core-columns-is-layout-9d6595d7 wp-block-columns-is-layout-flex\">\n<div class=\"wp-block-column is-layout-flow wp-block-column-is-layout-flow\">\n<figure class=\"wp-block-image size-large\"><img decoding=\"async\" src=\"https:\/\/www.folkecenter.net\/wp-content\/uploads\/2022\/08\/3T4A0400-1024x525.jpg\" alt=\"\" class=\"wp-image-5279\"\/><\/figure>\n<\/div>\n\n\n\n<div class=\"wp-block-column is-layout-flow wp-block-column-is-layout-flow\">\n<figure class=\"wp-block-image size-large\"><img decoding=\"async\" src=\"https:\/\/www.folkecenter.net\/wp-content\/uploads\/2022\/09\/3T4A0369-1024x537.jpg\" alt=\"Ibrahim_trainees\" class=\"wp-image-5453\"\/><\/figure>\n<\/div>\n<\/div>\n\n\n\n<p><strong>Danskudviklet Solgenerator skal \u00f8ge energiforsyningen i Mali gennem samarbejde mellem Nordisk Folkecenter for Vedvarende Energi, s\u00f8sterorganisationen Mali-Folkecenter og den danske virksomhed Energivagt.<\/strong><\/p>\n\n\n\n<p>I det vestafrikanske land Mali er klimaforandringernes \u00f8gede temperaturer og l\u00e6ngere t\u00f8rkeperioder noget, man har t\u00e6t inde p\u00e5 livet. Samtidig g\u00f8r den ikke-indfriede eftersp\u00f8rgsel efter energi, at alt fra husholdninger til arbejdspladser har det vanskeligt med at fungere stabilt over tid. Nordisk Folkecenter for Vedvarende Energi i Thy og Mali-Folkecenter har derfor igennem et par \u00e5r samarbejdet med den danske virksomhed Energivagt om at udvikle en Solgenerator, som kan l\u00f8se nogle af energiudfordringerne i Mali.<\/p>\n\n\n\n<blockquote class=\"wp-block-quote is-layout-flow wp-block-quote-is-layout-flow\"><p>&#8211; I de senere \u00e5r har vi i Mali-Folkecenter fokuseret p\u00e5 at ops\u00e6tte 17.000 solcellepaneler p\u00e5 skoler, f\u00f8deklinikker og skadestuer og samtidig uddannet lokalbefolkningen til at vedligeholde dem. Men der er stadig lang vej igen f\u00f8r almindelige familier i Mali har adgang til tilstr\u00e6kkelig og stabil energiforsyning, fort\u00e6ller Ibrahim Togola, der er formand for Mali-Folkecenter og som i n\u00e6ste uge 32 (8. 12. august)g\u00e6ster Danmark og Nordisk Folkecenter for Vedvarende Energi for at koordinere det videre samarbejde.<\/p><\/blockquote>\n\n\n\n<p><strong>Brug solenergien direkte uden tab<\/strong><\/p>\n\n\n\n<p>Med 12 timers sol hver dag det meste af \u00e5ret, udg\u00f8r anvendelse af solgenerator et stort potentiale ved energi forsyning til arbejdspladser og husholdninger. En Solgenerator konverterer den j\u00e6vnstr\u00f8m, der produceres af solcellepaneler til vekselstr\u00f8m, som s\u00e5 kan bruges direkte til at drive fx en ovn, et komfur eller el-v\u00e6rkt\u00f8j. Ved at bruge energien direkte, undg\u00e5r man det tab der ville v\u00e6re, hvis str\u00f8mmen eksempelvis skulle lagres i et batteri, og samtidig er l\u00f8sningen et enklere og mindre ressourcekr\u00e6vende set-up.<\/p>\n\n\n\n<blockquote class=\"wp-block-quote is-layout-flow wp-block-quote-is-layout-flow\"><p>&#8211; Solgeneratoren, som vi kender den i dag, kan levere den tilstr\u00e6kkelige el til k\u00f8kkenudstyr, der har en effekt p\u00e5 max 400 Watt. Men det er ikke nok for mange arbejdspladser, og derfor er vores m\u00e5l at udvikle og opskalere Solgeneratoren, s\u00e5 den kan levere 3.000 W &#8211; alts\u00e5 3 kW. Det vil v\u00e6re nok til fx at drive et svejseapparat, fort\u00e6ller Jane Kruse, der er forstander for Nordisk Folkecenter for Vedvarende Energi, og forts\u00e6tter:<\/p><\/blockquote>\n\n\n\n<blockquote class=\"wp-block-quote is-layout-flow wp-block-quote-is-layout-flow\"><p>Et s\u00e5dant udviklingsarbejde er dyrt, og derfor vil Folkecenter sammen med Energivagt og Mali-Folkecenter nu s\u00f8ge at skaffe to millioner kroner til finansiering af et to \u00e5rigt udviklingsarbejde af Solgeneratoren.\u00a0<\/p><\/blockquote>\n\n\n\n<p><strong>Folkecentre t\u00e6t forbundet<\/strong><\/p>\n\n\n\n<p>Nordisk Folkecenter for Vedvarende Energi har fungeret som katalysator og testcenter for udvikling af vedvarende energiteknologier og b\u00e6redygtige l\u00f8sninger siden 1983, og i slutningen af 90\u2019erne opstod kontakten mellem Folkecentret i Thy og Mali. Et samarbejde mellem Malis dav\u00e6rende pr\u00e6sident og senere formand for Den Afrikanske Union, Alpha Oumar Konare, Ibrahim Togola, og Nordisk Folkecenter i Danmark resulterede i 1999 i oprettelsen af Mali-Folkecenter, som i dag har 40 ansatte og et vidtforgrenet energiudviklingsarbejde i det vestafrikanske land.<\/p>\n\n\n\n<p><strong>For yderligere kommentarer, interviewaftale eller info:<\/strong><\/p>\n\n\n\n<p>Jane Kruse, forstander for Nordisk Folkecenter for Vedvarende Energi, 40 60 45 51, <a href=\"mailto:jk@folkecenter.dk\">jk@folkecenter.dk<\/a><\/p>\n\n\n\n<p>Ibrahim Togola, formand for Mali-Folkecenter, +223 2020 0617, <a href=\"mailto:ibrahim.togola@gmail.com\">ibrahim.togola@gmail.com<\/a><\/p>\n\n\n\n<div style=\"height:60px\" aria-hidden=\"true\" class=\"wp-block-spacer\"><\/div>","protected":false},"excerpt":{"rendered":"<p>Danskudviklet solgenerator skal \u00f8ge energiforsyningen i Mali gennem samarbejde mellem Nordisk Folkecenter for Vedvarende Energi, s\u00f8sterorganisationen Mali-Folkecenter og den danske virksomhed Energivagt.<\/p>","protected":false},"author":1,"featured_media":5279,"comment_status":"closed","ping_status":"closed","sticky":false,"template":"","format":"standard","meta":{"_uag_custom_page_level_css":"","footnotes":""},"categories":[59,103,195],"tags":[192,191],"post_folder":[378],"class_list":["post-5452","post","type-post","status-publish","format-standard","has-post-thumbnail","hentry","category-press-releases","category-press-releases-dk","category-visits","tag-mali-folkecenter","tag-visit"],"uagb_featured_image_src":{"full":["https:\/\/www.folkecenter.net\/wp-content\/uploads\/2022\/08\/3T4A0400-scaled.jpg",2560,1312,false],"thumbnail":["https:\/\/www.folkecenter.net\/wp-content\/uploads\/2022\/08\/3T4A0400-scaled-150x150.jpg",150,150,true],"medium":["https:\/\/www.folkecenter.net\/wp-content\/uploads\/2022\/08\/3T4A0400-scaled-300x154.jpg",300,154,true],"medium_large":["https:\/\/www.folkecenter.net\/wp-content\/uploads\/2022\/08\/3T4A0400-scaled-768x394.jpg",768,394,true],"large":["https:\/\/www.folkecenter.net\/wp-content\/uploads\/2022\/08\/3T4A0400-scaled-1024x525.jpg",800,410,true],"1536x1536":["https:\/\/www.folkecenter.net\/wp-content\/uploads\/2022\/08\/3T4A0400-scaled-1536x787.jpg",1536,787,true],"2048x2048":["https:\/\/www.folkecenter.net\/wp-content\/uploads\/2022\/08\/3T4A0400-scaled-2048x1050.jpg",2048,1050,true],"trp-custom-language-flag":["https:\/\/www.folkecenter.net\/wp-content\/uploads\/2022\/08\/3T4A0400-scaled-18x9.jpg",18,9,true],"mgb-medium":["https:\/\/www.folkecenter.net\/wp-content\/uploads\/2022\/08\/3T4A0400-scaled-600x600.jpg",600,600,true],"mgb-vertical":["https:\/\/www.folkecenter.net\/wp-content\/uploads\/2022\/08\/3T4A0400-scaled-600x900.jpg",600,900,true],"mgb-banner":["https:\/\/www.folkecenter.net\/wp-content\/uploads\/2022\/08\/3T4A0400-scaled-1600x800.jpg",1600,800,true],"onepress-blog-small":["https:\/\/www.folkecenter.net\/wp-content\/uploads\/2022\/08\/3T4A0400-scaled-300x150.jpg",300,150,true],"onepress-small":["https:\/\/www.folkecenter.net\/wp-content\/uploads\/2022\/08\/3T4A0400-scaled-480x300.jpg",480,300,true],"onepress-medium":["https:\/\/www.folkecenter.net\/wp-content\/uploads\/2022\/08\/3T4A0400-scaled-640x400.jpg",640,400,true]},"uagb_author_info":{"display_name":"admin","author_link":"http:\/\/www.folkecenter.net\/da\/author\/admin\/"},"uagb_comment_info":0,"uagb_excerpt":"Danskudviklet solgenerator skal \u00f8ge energiforsyningen i Mali gennem samarbejde mellem Nordisk Folkecenter for Vedvarende Energi, s\u00f8sterorganisationen Mali-Folkecenter og den danske virksomhed Energivagt.","_links":{"self":[{"href":"http:\/\/www.folkecenter.net\/da\/wp-json\/wp\/v2\/posts\/5452","targetHints":{"allow":["GET"]}}],"collection":[{"href":"http:\/\/www.folkecenter.net\/da\/wp-json\/wp\/v2\/posts"}],"about":[{"href":"http:\/\/www.folkecenter.net\/da\/wp-json\/wp\/v2\/types\/post"}],"author":[{"embeddable":true,"href":"http:\/\/www.folkecenter.net\/da\/wp-json\/wp\/v2\/users\/1"}],"replies":[{"embeddable":true,"href":"http:\/\/www.folkecenter.net\/da\/wp-json\/wp\/v2\/comments?post=5452"}],"version-history":[{"count":0,"href":"http:\/\/www.folkecenter.net\/da\/wp-json\/wp\/v2\/posts\/5452\/revisions"}],"wp:featuredmedia":[{"embeddable":true,"href":"http:\/\/www.folkecenter.net\/da\/wp-json\/wp\/v2\/media\/5279"}],"wp:attachment":[{"href":"http:\/\/www.folkecenter.net\/da\/wp-json\/wp\/v2\/media?parent=5452"}],"wp:term":[{"taxonomy":"category","embeddable":true,"href":"http:\/\/www.folkecenter.net\/da\/wp-json\/wp\/v2\/categories?post=5452"},{"taxonomy":"post_tag","embeddable":true,"href":"http:\/\/www.folkecenter.net\/da\/wp-json\/wp\/v2\/tags?post=5452"},{"taxonomy":"post_folder","embeddable":true,"href":"http:\/\/www.folkecenter.net\/da\/wp-json\/wp\/v2\/post_folder?post=5452"}],"curies":[{"name":"wp","href":"https:\/\/api.w.org\/{rel}","templated":true}]}}