{"id":5265,"date":"2022-08-22T10:28:14","date_gmt":"2022-08-22T10:28:14","guid":{"rendered":"https:\/\/www.folkecenter.net\/?p=5265"},"modified":"2024-09-04T11:46:08","modified_gmt":"2024-09-04T09:46:08","slug":"%ef%bf%bc7th-international-conference-on-small-medium-wind-energy%ef%bf%bc","status":"publish","type":"post","link":"http:\/\/www.folkecenter.net\/da\/%ef%bf%bc7th-international-conference-on-small-medium-wind-energy%ef%bf%bc\/","title":{"rendered":"7. internationale konference om sm\u00e5- og mellemstore vindm\u00f8ller"},"content":{"rendered":"<figure class=\"wp-block-image size-large\"><img loading=\"lazy\" decoding=\"async\" width=\"1024\" height=\"576\" src=\"https:\/\/www.folkecenter.net\/wp-content\/uploads\/2022\/05\/Small-Wind-Conference-7-1024x576.png\" alt=\"7th International Conference on Small &amp; Medium Wind Energy\" class=\"wp-image-2197\" srcset=\"https:\/\/www.folkecenter.net\/wp-content\/uploads\/2022\/05\/Small-Wind-Conference-7-1024x576.png 1024w, https:\/\/www.folkecenter.net\/wp-content\/uploads\/2022\/05\/Small-Wind-Conference-7-300x169.png 300w, https:\/\/www.folkecenter.net\/wp-content\/uploads\/2022\/05\/Small-Wind-Conference-7-768x432.png 768w, https:\/\/www.folkecenter.net\/wp-content\/uploads\/2022\/05\/Small-Wind-Conference-7-1536x864.png 1536w, https:\/\/www.folkecenter.net\/wp-content\/uploads\/2022\/05\/Small-Wind-Conference-7-18x10.png 18w, https:\/\/www.folkecenter.net\/wp-content\/uploads\/2022\/05\/Small-Wind-Conference-7.png 1600w\" sizes=\"auto, (max-width: 1024px) 100vw, 1024px\" \/><\/figure>\n\n\n\n<p><\/p>\n\n\n\n<p>Efter seks succesfulde udgaver arrangerer Nordisk Folkecenter og <a href=\"https:\/\/smallwind.dk\/\">Dansk testfelt for sm\u00e5 vindm\u00f8ller<\/a> den syvende konference med fokus p\u00e5 sm\u00e5 og mellemstore energikilder.\nArrangementet vil samle nationale og internationale eksperter fra industrien, som vil diskutere en bred vifte af emner inden for den lille og mellemstore vindindustri.<\/p>\n\n\n\n<p>Konferencen finder sted i perioden 21.-23. september 2022. Det er nu muligt at tilmelde din deltagelse p\u00e5 <a href=\"http:\/\/www.folkecenterevents.net\/\">folkecenterevents.net<\/a>. <\/p>\n\n\n\n<p>Skulle du v\u00e6re interesseret i at v\u00e6re foredragsholder, s\u00e5 send dit forslag <a href=\"https:\/\/docs.google.com\/forms\/d\/e\/1FAIpQLScrWiWn2NAFmAg5gyDq5PELMJyjdknTu3jgeBUryuYCpdkbag\/viewform;\">her<\/a>.<\/p>","protected":false},"excerpt":{"rendered":"<p>After six successful editions (both online and in presence), Folkecenter and the Small Test and Resource Centre for Small Wind Turbines are organizing the seventh conference with focus on small &#8230;<\/p>","protected":false},"author":2,"featured_media":0,"comment_status":"closed","ping_status":"closed","sticky":false,"template":"","format":"standard","meta":{"_uag_custom_page_level_css":"","footnotes":""},"categories":[15,11,173,373],"tags":[],"post_folder":[315],"class_list":["post-5265","post","type-post","status-publish","format-standard","hentry","category-education","category-events","category-short-news","category-test-and-demonstration"],"uagb_featured_image_src":{"full":false,"thumbnail":false,"medium":false,"medium_large":false,"large":false,"1536x1536":false,"2048x2048":false,"trp-custom-language-flag":false,"mgb-medium":false,"mgb-vertical":false,"mgb-banner":false,"onepress-blog-small":false,"onepress-small":false,"onepress-medium":false},"uagb_author_info":{"display_name":"Pernille Manicus","author_link":"http:\/\/www.folkecenter.net\/da\/author\/pernille\/"},"uagb_comment_info":0,"uagb_excerpt":"After six successful editions (both online and in presence), Folkecenter and the Small Test and Resource Centre for Small Wind Turbines are organizing the seventh conference with focus on small ...","_links":{"self":[{"href":"http:\/\/www.folkecenter.net\/da\/wp-json\/wp\/v2\/posts\/5265","targetHints":{"allow":["GET"]}}],"collection":[{"href":"http:\/\/www.folkecenter.net\/da\/wp-json\/wp\/v2\/posts"}],"about":[{"href":"http:\/\/www.folkecenter.net\/da\/wp-json\/wp\/v2\/types\/post"}],"author":[{"embeddable":true,"href":"http:\/\/www.folkecenter.net\/da\/wp-json\/wp\/v2\/users\/2"}],"replies":[{"embeddable":true,"href":"http:\/\/www.folkecenter.net\/da\/wp-json\/wp\/v2\/comments?post=5265"}],"version-history":[{"count":0,"href":"http:\/\/www.folkecenter.net\/da\/wp-json\/wp\/v2\/posts\/5265\/revisions"}],"wp:attachment":[{"href":"http:\/\/www.folkecenter.net\/da\/wp-json\/wp\/v2\/media?parent=5265"}],"wp:term":[{"taxonomy":"category","embeddable":true,"href":"http:\/\/www.folkecenter.net\/da\/wp-json\/wp\/v2\/categories?post=5265"},{"taxonomy":"post_tag","embeddable":true,"href":"http:\/\/www.folkecenter.net\/da\/wp-json\/wp\/v2\/tags?post=5265"},{"taxonomy":"post_folder","embeddable":true,"href":"http:\/\/www.folkecenter.net\/da\/wp-json\/wp\/v2\/post_folder?post=5265"}],"curies":[{"name":"wp","href":"https:\/\/api.w.org\/{rel}","templated":true}]}}