{"id":11137,"date":"2024-11-25T14:01:53","date_gmt":"2024-11-25T12:01:53","guid":{"rendered":"https:\/\/www.folkecenter.net\/?p=11137"},"modified":"2024-12-10T14:59:05","modified_gmt":"2024-12-10T12:59:05","slug":"uncertain-future-in-thy-nordic-folkecenter-for-renewable-energy-is-out-of-the-danish-2025-finance-act","status":"publish","type":"post","link":"http:\/\/www.folkecenter.net\/da\/uncertain-future-in-thy-nordic-folkecenter-for-renewable-energy-is-out-of-the-danish-2025-finance-act\/","title":{"rendered":"Usikker fremtid i Thy: Nordisk Folkecenter for Vedvarende Energi skrevet ud af Finansloven 2025"},"content":{"rendered":"<p style=\"font-size:16px\">P\u00e5 grund af manglende finansiering via Finansloven, som blev pr\u00e6senteret d. 22. november 2024 kl. 10, m\u00e5 den 41 \u00e5rige NGO i Thy, Nordisk Folkecenter for Vedvarende Energi, se sig n\u00f8dsaget til at lukke ned for de opgaver, som tidligere har v\u00e6ret finansieret af den danske stat. \u201cDet vil f\u00e5 alvorlige konsekvenser\u201d, siger forstander Jane Kruse.<\/p>\n\n\n\n<p style=\"font-size:16px\">Konsekvenserne af lukningen af flere af Nordisk Folkecenters arbejdsomr\u00e5der kommer ikke kun til at kunne m\u00e6rkes af de 12 ansatte i NGO\u2019en. Efter nyt\u00e5r t\u00e6ller de nemlig med i ledighedsstatistikken. Men det f\u00e5r ogs\u00e5 konsekvenser for flere tusinde verdensborgere, som i den \u00e5relange historie har kunne ty til Nordisk Folkecenter for udvikling og testning af, uddannelse i og r\u00e5dgivning om vedvarende energi, energif\u00e6llesskaber og energibesparelser:<\/p>\n\n\n\n<p style=\"font-size:16px\">\u201cVi har de seneste tre \u00e5r haft kontakt til eller udviklet med 270 virksomheder, som har visioner om en gr\u00f8n fremtid med vedvarende energi. Der har undervejs v\u00e6ret mange id\u00e9er og projekter igennem Folkecenteret, og vi har et bredt samarbejdsnetv\u00e6rk, hvori alle nu vil komme til at mangle en st\u00e6rk NGO. Samarbejdet med virksomhederne har gavnet de studerende, der har v\u00e6ret p\u00e5 studieophold p\u00e5 Folkecenteret, som har f\u00e5et adgang til virkelige projekter. Det har givet dem praksisn\u00e6re erfaringer indenfor faget, og det er s\u00e5 vigtigt med nyuddannede, som v\u00e9d hvad vedvarende energi kan og skal i fremtiden,\u201d fort\u00e6ller Jane Kruse.<\/p>\n\n\n\n<h2 class=\"wp-block-heading\"><strong>Enest\u00e5ende i vind<\/strong><\/h2>\n\n\n\n<p style=\"font-size:16px\">Nordisk Folkecenter r\u00e5der over et af f\u00e5 testcentre for sm\u00e5 vindm\u00f8ller mellem 5-25 kWh i Europa. Her udvikles og afpr\u00f8ves nye teknologier i samarbejde med nationale og internationale sm\u00e5 og mellemstore virksomheder. Testcentret er afg\u00f8rende for udviklere af sm\u00e5 vindm\u00f8ller, i deres rejse mod certificering og deraf f\u00f8lgende markedsadgang, og testcenteret s\u00f8rger for at de udviklede vindm\u00f8ller er sikre og p\u00e5lidelige. Nordisk Folkecenter er ogs\u00e5 en st\u00e6rk stemme i vindbranchen:<\/p>\n\n\n\n<p style=\"font-size:16px\">\u201cFolkecenteret bidrager til udvikling af nye vindm\u00f8llestandarder og l\u00f8sninger til socialt accept af vedvarende energi via Dansk Standard Udvalget (DS\/S-588) og internationalt via Det Internationale Energi Agentur (IEA) gennem teknisk komite (TC88). Det er helt afg\u00f8rende at have danske stemmer i disse henseender, for at tilgodese dansk udvikling vindenergi,\u201d siger Tonny Brink, der er teknisk chef p\u00e5 Nordisk Folkecenter.<\/p>\n\n\n\n<p style=\"font-size:16px\">\u00c5rligt har NGO\u2019en samlet industrien, fagfolk, NGO\u2019er og professionelle fra forskningsverdenen inden for omr\u00e5det vindenergi til en international konference, hvor de har delt viden og erfaringer med m\u00e5let om at blive endnu dygtigere til at producere vindenergi til hele verden.<\/p>\n\n\n\n<h2 class=\"wp-block-heading\"><strong>Folkecenteret er et sted for alle fra hele verden<\/strong><\/h2>\n\n\n\n<p style=\"font-size:16px\">\u201cDen gr\u00f8nne omstilling er det f\u00e6lles ansvar, og Folkecenteret har v\u00e6ret stedet, hvor virksomheder, uddannelser, folkeskoler, b\u00f8rnehaver og civilbefolkningen har kunnet finde inspiration og viden til, hvordan de kan v\u00e6re en del af forandringerne, der skal skabe en gr\u00f8nnere fremtid. Og Folkecenteret har v\u00e6ret et taler\u00f8r for borgerne, som i mange \u00e5r har \u00f8nsket at v\u00e6re en aktiv del i den gr\u00f8nne omstilling, fx igennem lokale energif\u00e6llesskaber,\u201d siger Jane Kruse.<\/p>\n\n\n\n<p style=\"font-size:16px\">Udenfor landets gr\u00e6nser vil frav\u00e6ret af Nordisk Folkecenter ogs\u00e5 kunne m\u00e6rkes, forts\u00e6tter forstanderen, som ar v\u00e6ret en del af NGO\u2019en siden begyndelsen:<\/p>\n\n\n\n<p style=\"font-size:16px\">\u201cI mange \u00e5r har vi samarbejdet med NGO\u2019er og lokale organisationer i udviklingslande om at skabe levedygtige vilk\u00e5r for alle i verden. Det bliver et h\u00e5rdt slag for vores internationale samarbejdspartnere, som fra n\u00e6ste \u00e5r ikke vil kunne f\u00e5 adgang dansk knowhow og best practice.\u201d<\/p>\n\n\n\n<h2 class=\"wp-block-heading\"><strong>\u201cVedvarende energi er fremtiden\u201d<\/strong><\/h2>\n\n\n\n<p style=\"font-size:16px\">Forstander Jane Kruse har sv\u00e6rt ved at se, hvorfor Nordisk Folkecenter ikke blev taget med i Finansloven for 2025:<\/p>\n\n\n\n<p style=\"font-size:16px\">\u201cFinansministeren selv siger, at Finansloven har fokus p\u00e5 gr\u00f8n omstilling og uddannelse - men alligevel oph\u00f8rer finansieringen af driften af Folkecenteret - et sted der arbejder s\u00e5 fokuseret med gr\u00f8n omstilling og uddannelse. Det vil f\u00e5 konsekvenser for uddannelse indenfor vedvarende energi, testning af nye, innovative vedvarende energiteknologier og det internationale samarbejde om at n\u00e5 klimam\u00e5l p\u00e5 verdensplan.\u201d<\/p>\n\n\n\n<p style=\"font-size:16px\">Nordisk Folkecenters resultater er p\u00e5 Christiansborg, tilg\u00e6ngelig for alle de, der har forhandlet om Finansloven:<\/p>\n\n\n\n<p style=\"font-size:16px\">\u201cVi har af flere omgange v\u00e6ret p\u00e5 Christiansborg og fortalt om Folkecenterets arbejde, og hvordan det bidrager til den gr\u00f8nne omstilling. Vi har arbejdet lokalt, nationalt og internationalt p\u00e5 at skabe f\u00e6lles grundlag for f\u00e6lles handling om en bedre fremtid. Men det ser ud til, at det ikke har v\u00e6ret en prioritet for Regeringen, SF og De Radikale,\u201d siger Per Thostrup, der er bestyrelsesformand for Nordisk Folkecenter.<\/p>\n\n\n\n<p style=\"font-size:16px\">Selvom Nordisk Folkecenter ikke er p\u00e5 Finansloven 2025, vil forstander Jane Kruse og hendes medarbejdere fortsat k\u00e6mpe for at finde midler, s\u00e5 NGO\u2019en kan forts\u00e6tte sit arbejde, omend m\u00e5ske i en anden form, forsikrer formanden Per Thostrup:<\/p>\n\n\n\n<p style=\"font-size:16px\">\u201cFolkecenteret har altid kigget fremad; Folkecenteret er og \u00f8nsker fortsat at v\u00e6re aktuel i den gr\u00f8nne omstilling - derfor forts\u00e6tter vi med at pr\u00f8ve at finde finansiering til vores arbejdsopgaver. Vedvarende energi er fremtiden - det har vi vidst i 41 \u00e5r - og det har ikke \u00e6ndret sig. Derfor er Nordisk Folkecenter for Vedvarende Energi fortsat berettiget en plads i fremtiden.\u201d<\/p>\n\n\n\n<p>For yderligere kommentarer kan Jane Kruse kontaktes p\u00e5 +45 40604551 eller jk@folkecenter.dk<\/p>","protected":false},"excerpt":{"rendered":"<p>Due to a lack of funding through the Danish Finance Act, which was presented on November 22, 2024 at 10 a.m., the 41-year-old NGO in Thy, Nordic Folkecenter for Renewable &#8230;<\/p>","protected":false},"author":2,"featured_media":8622,"comment_status":"closed","ping_status":"open","sticky":false,"template":"","format":"standard","meta":{"_uag_custom_page_level_css":"","footnotes":""},"categories":[59,173],"tags":[],"post_folder":[],"class_list":["post-11137","post","type-post","status-publish","format-standard","has-post-thumbnail","hentry","category-press-releases","category-short-news"],"uagb_featured_image_src":{"full":["https:\/\/www.folkecenter.net\/wp-content\/uploads\/2024\/01\/Drone3-1-scaled.jpg",2560,1440,false],"thumbnail":["https:\/\/www.folkecenter.net\/wp-content\/uploads\/2024\/01\/Drone3-1-scaled-150x150.jpg",150,150,true],"medium":["https:\/\/www.folkecenter.net\/wp-content\/uploads\/2024\/01\/Drone3-1-scaled-300x169.jpg",300,169,true],"medium_large":["https:\/\/www.folkecenter.net\/wp-content\/uploads\/2024\/01\/Drone3-1-scaled-768x432.jpg",768,432,true],"large":["https:\/\/www.folkecenter.net\/wp-content\/uploads\/2024\/01\/Drone3-1-scaled-1024x576.jpg",800,450,true],"1536x1536":["https:\/\/www.folkecenter.net\/wp-content\/uploads\/2024\/01\/Drone3-1-scaled-1536x864.jpg",1536,864,true],"2048x2048":["https:\/\/www.folkecenter.net\/wp-content\/uploads\/2024\/01\/Drone3-1-scaled-2048x1152.jpg",2048,1152,true],"trp-custom-language-flag":["https:\/\/www.folkecenter.net\/wp-content\/uploads\/2024\/01\/Drone3-1-scaled-18x10.jpg",18,10,true],"mgb-medium":["https:\/\/www.folkecenter.net\/wp-content\/uploads\/2024\/01\/Drone3-1-scaled-600x600.jpg",600,600,true],"mgb-vertical":["https:\/\/www.folkecenter.net\/wp-content\/uploads\/2024\/01\/Drone3-1-scaled-600x900.jpg",600,900,true],"mgb-banner":["https:\/\/www.folkecenter.net\/wp-content\/uploads\/2024\/01\/Drone3-1-scaled-1600x800.jpg",1600,800,true],"onepress-blog-small":["https:\/\/www.folkecenter.net\/wp-content\/uploads\/2024\/01\/Drone3-1-scaled-300x150.jpg",300,150,true],"onepress-small":["https:\/\/www.folkecenter.net\/wp-content\/uploads\/2024\/01\/Drone3-1-scaled-480x300.jpg",480,300,true],"onepress-medium":["https:\/\/www.folkecenter.net\/wp-content\/uploads\/2024\/01\/Drone3-1-scaled-640x400.jpg",640,400,true]},"uagb_author_info":{"display_name":"Pernille Manicus","author_link":"http:\/\/www.folkecenter.net\/da\/author\/pernille\/"},"uagb_comment_info":0,"uagb_excerpt":"Due to a lack of funding through the Danish Finance Act, which was presented on November 22, 2024 at 10 a.m., the 41-year-old NGO in Thy, Nordic Folkecenter for Renewable ...","_links":{"self":[{"href":"http:\/\/www.folkecenter.net\/da\/wp-json\/wp\/v2\/posts\/11137","targetHints":{"allow":["GET"]}}],"collection":[{"href":"http:\/\/www.folkecenter.net\/da\/wp-json\/wp\/v2\/posts"}],"about":[{"href":"http:\/\/www.folkecenter.net\/da\/wp-json\/wp\/v2\/types\/post"}],"author":[{"embeddable":true,"href":"http:\/\/www.folkecenter.net\/da\/wp-json\/wp\/v2\/users\/2"}],"replies":[{"embeddable":true,"href":"http:\/\/www.folkecenter.net\/da\/wp-json\/wp\/v2\/comments?post=11137"}],"version-history":[{"count":0,"href":"http:\/\/www.folkecenter.net\/da\/wp-json\/wp\/v2\/posts\/11137\/revisions"}],"wp:featuredmedia":[{"embeddable":true,"href":"http:\/\/www.folkecenter.net\/da\/wp-json\/wp\/v2\/media\/8622"}],"wp:attachment":[{"href":"http:\/\/www.folkecenter.net\/da\/wp-json\/wp\/v2\/media?parent=11137"}],"wp:term":[{"taxonomy":"category","embeddable":true,"href":"http:\/\/www.folkecenter.net\/da\/wp-json\/wp\/v2\/categories?post=11137"},{"taxonomy":"post_tag","embeddable":true,"href":"http:\/\/www.folkecenter.net\/da\/wp-json\/wp\/v2\/tags?post=11137"},{"taxonomy":"post_folder","embeddable":true,"href":"http:\/\/www.folkecenter.net\/da\/wp-json\/wp\/v2\/post_folder?post=11137"}],"curies":[{"name":"wp","href":"https:\/\/api.w.org\/{rel}","templated":true}]}}